{"id":2181,"date":"2022-05-11T10:34:42","date_gmt":"2022-05-11T14:34:42","guid":{"rendered":"https:\/\/pebc.ca\/?p=2181"},"modified":"2023-10-17T16:21:39","modified_gmt":"2023-10-17T20:21:39","slug":"examens_pratiques","status":"publish","type":"post","link":"https:\/\/pebc.ca\/fr\/examens_pratiques\/","title":{"rendered":"Proc\u00e9dures du BEPC assurant la normalisation des \u00e9valuations r\u00e9alis\u00e9es dans le cadre des examens pratiques"},"content":{"rendered":"","protected":false},"excerpt":{"rendered":"<p>Les paragraphes suivants d\u00e9crivent les mesures prises par le BEPC afin d&rsquo;assurer la normalisation de ses examens pratiques au sein de chaque centre et entre tous les centres o\u00f9 se tient l&rsquo;ECOS.<\/p>\n","protected":false},"author":3,"featured_media":0,"comment_status":"open","ping_status":"open","sticky":false,"template":"","format":"standard","meta":{"_acf_changed":false,"footnotes":"","_wp_rev_ctl_limit":""},"categories":[19],"tags":[],"class_list":["post-2181","post","type-post","status-publish","format-standard","hentry","category-pharmaciens"],"acf":[],"yoast_head":"<!-- This site is optimized with the Yoast SEO plugin v26.8 - https:\/\/yoast.com\/product\/yoast-seo-wordpress\/ -->\n<title>Proc\u00e9dures du BEPC assurant la normalisation des \u00e9valuations r\u00e9alis\u00e9es dans le cadre des examens pratiques - PEBC<\/title>\n<meta name=\"robots\" content=\"index, follow, max-snippet:-1, max-image-preview:large, max-video-preview:-1\" \/>\n<link rel=\"canonical\" href=\"https:\/\/pebc.ca\/fr\/examens_pratiques\/\" \/>\n<meta property=\"og:locale\" content=\"fr_FR\" \/>\n<meta property=\"og:type\" content=\"article\" \/>\n<meta property=\"og:title\" content=\"Proc\u00e9dures du BEPC assurant la normalisation des \u00e9valuations r\u00e9alis\u00e9es dans le cadre des examens pratiques - PEBC\" \/>\n<meta property=\"og:description\" content=\"Les paragraphes suivants d\u00e9crivent les mesures prises par le BEPC afin d&#039;assurer la normalisation de ses examens pratiques au sein de chaque centre et entre tous les centres o\u00f9 se tient l&#039;ECOS.\" \/>\n<meta property=\"og:url\" content=\"https:\/\/pebc.ca\/fr\/examens_pratiques\/\" \/>\n<meta property=\"og:site_name\" content=\"PEBC\" \/>\n<meta property=\"article:published_time\" content=\"2022-05-11T14:34:42+00:00\" \/>\n<meta property=\"article:modified_time\" content=\"2023-10-17T20:21:39+00:00\" \/>\n<meta property=\"og:image\" content=\"https:\/\/pebc.ca\/wp-content\/uploads\/2021\/03\/pebc_screen.png\" \/>\n\t<meta property=\"og:image:width\" content=\"827\" \/>\n\t<meta property=\"og:image:height\" content=\"450\" \/>\n\t<meta property=\"og:image:type\" content=\"image\/png\" \/>\n<meta name=\"author\" content=\"Alexandra Simion\" \/>\n<meta name=\"twitter:card\" content=\"summary_large_image\" \/>\n<meta name=\"twitter:label1\" content=\"\u00c9crit par\" \/>\n\t<meta name=\"twitter:data1\" content=\"Alexandra Simion\" \/>\n<script type=\"application\/ld+json\" class=\"yoast-schema-graph\">{\"@context\":\"https:\/\/schema.org\",\"@graph\":[{\"@type\":\"Article\",\"@id\":\"https:\/\/pebc.ca\/fr\/examens_pratiques\/#article\",\"isPartOf\":{\"@id\":\"https:\/\/pebc.ca\/fr\/examens_pratiques\/\"},\"author\":{\"name\":\"Alexandra Simion\",\"@id\":\"https:\/\/pebc.ca\/fr\/#\/schema\/person\/f4aa9e2d8919e30aae8b1c79801c71d3\"},\"headline\":\"Proc\u00e9dures du BEPC assurant la normalisation des \u00e9valuations r\u00e9alis\u00e9es dans le cadre des examens pratiques\",\"datePublished\":\"2022-05-11T14:34:42+00:00\",\"dateModified\":\"2023-10-17T20:21:39+00:00\",\"mainEntityOfPage\":{\"@id\":\"https:\/\/pebc.ca\/fr\/examens_pratiques\/\"},\"wordCount\":18,\"commentCount\":0,\"publisher\":{\"@id\":\"https:\/\/pebc.ca\/fr\/#organization\"},\"articleSection\":[\"Pharmaciens\"],\"inLanguage\":\"fr-FR\",\"potentialAction\":[{\"@type\":\"CommentAction\",\"name\":\"Comment\",\"target\":[\"https:\/\/pebc.ca\/fr\/examens_pratiques\/#respond\"]}]},{\"@type\":\"WebPage\",\"@id\":\"https:\/\/pebc.ca\/fr\/examens_pratiques\/\",\"url\":\"https:\/\/pebc.ca\/fr\/examens_pratiques\/\",\"name\":\"Proc\u00e9dures du BEPC assurant la normalisation des \u00e9valuations r\u00e9alis\u00e9es dans le cadre des examens pratiques - PEBC\",\"isPartOf\":{\"@id\":\"https:\/\/pebc.ca\/fr\/#website\"},\"datePublished\":\"2022-05-11T14:34:42+00:00\",\"dateModified\":\"2023-10-17T20:21:39+00:00\",\"breadcrumb\":{\"@id\":\"https:\/\/pebc.ca\/fr\/examens_pratiques\/#breadcrumb\"},\"inLanguage\":\"fr-FR\",\"potentialAction\":[{\"@type\":\"ReadAction\",\"target\":[\"https:\/\/pebc.ca\/fr\/examens_pratiques\/\"]}]},{\"@type\":\"BreadcrumbList\",\"@id\":\"https:\/\/pebc.ca\/fr\/examens_pratiques\/#breadcrumb\",\"itemListElement\":[{\"@type\":\"ListItem\",\"position\":1,\"name\":\"Accueil\",\"item\":\"https:\/\/pebc.ca\/fr\/\"},{\"@type\":\"ListItem\",\"position\":2,\"name\":\"Proc\u00e9dures du BEPC assurant la normalisation des \u00e9valuations r\u00e9alis\u00e9es dans le cadre des examens pratiques\"}]},{\"@type\":\"WebSite\",\"@id\":\"https:\/\/pebc.ca\/fr\/#website\",\"url\":\"https:\/\/pebc.ca\/fr\/\",\"name\":\"PEBC\",\"description\":\"\",\"publisher\":{\"@id\":\"https:\/\/pebc.ca\/fr\/#organization\"},\"potentialAction\":[{\"@type\":\"SearchAction\",\"target\":{\"@type\":\"EntryPoint\",\"urlTemplate\":\"https:\/\/pebc.ca\/fr\/?s={search_term_string}\"},\"query-input\":{\"@type\":\"PropertyValueSpecification\",\"valueRequired\":true,\"valueName\":\"search_term_string\"}}],\"inLanguage\":\"fr-FR\"},{\"@type\":\"Organization\",\"@id\":\"https:\/\/pebc.ca\/fr\/#organization\",\"name\":\"The Pharmacy Examining Board of Canada\",\"url\":\"https:\/\/pebc.ca\/fr\/\",\"logo\":{\"@type\":\"ImageObject\",\"inLanguage\":\"fr-FR\",\"@id\":\"https:\/\/pebc.ca\/fr\/#\/schema\/logo\/image\/\",\"url\":\"https:\/\/pebc.ca\/wp-content\/uploads\/2021\/02\/PEBEC-logo-color-01-01.svg\",\"contentUrl\":\"https:\/\/pebc.ca\/wp-content\/uploads\/2021\/02\/PEBEC-logo-color-01-01.svg\",\"width\":1,\"height\":1,\"caption\":\"The Pharmacy Examining Board of Canada\"},\"image\":{\"@id\":\"https:\/\/pebc.ca\/fr\/#\/schema\/logo\/image\/\"}},{\"@type\":\"Person\",\"@id\":\"https:\/\/pebc.ca\/fr\/#\/schema\/person\/f4aa9e2d8919e30aae8b1c79801c71d3\",\"name\":\"Alexandra Simion\",\"image\":{\"@type\":\"ImageObject\",\"inLanguage\":\"fr-FR\",\"@id\":\"https:\/\/pebc.ca\/fr\/#\/schema\/person\/image\/\",\"url\":\"https:\/\/secure.gravatar.com\/avatar\/4a6ff4fcc664e2c90cfc5f073055bf9e8b9c26dae1b83f79fb8e0237c083a3a9?s=96&d=mm&r=g\",\"contentUrl\":\"https:\/\/secure.gravatar.com\/avatar\/4a6ff4fcc664e2c90cfc5f073055bf9e8b9c26dae1b83f79fb8e0237c083a3a9?s=96&d=mm&r=g\",\"caption\":\"Alexandra Simion\"}}]}<\/script>\n<!-- \/ Yoast SEO plugin. -->","yoast_head_json":{"title":"Proc\u00e9dures du BEPC assurant la normalisation des \u00e9valuations r\u00e9alis\u00e9es dans le cadre des examens pratiques - PEBC","robots":{"index":"index","follow":"follow","max-snippet":"max-snippet:-1","max-image-preview":"max-image-preview:large","max-video-preview":"max-video-preview:-1"},"canonical":"https:\/\/pebc.ca\/fr\/examens_pratiques\/","og_locale":"fr_FR","og_type":"article","og_title":"Proc\u00e9dures du BEPC assurant la normalisation des \u00e9valuations r\u00e9alis\u00e9es dans le cadre des examens pratiques - PEBC","og_description":"Les paragraphes suivants d\u00e9crivent les mesures prises par le BEPC afin d'assurer la normalisation de ses examens pratiques au sein de chaque centre et entre tous les centres o\u00f9 se tient l'ECOS.","og_url":"https:\/\/pebc.ca\/fr\/examens_pratiques\/","og_site_name":"PEBC","article_published_time":"2022-05-11T14:34:42+00:00","article_modified_time":"2023-10-17T20:21:39+00:00","og_image":[{"width":827,"height":450,"url":"https:\/\/pebc.ca\/wp-content\/uploads\/2021\/03\/pebc_screen.png","type":"image\/png"}],"author":"Alexandra Simion","twitter_card":"summary_large_image","twitter_misc":{"\u00c9crit par":"Alexandra Simion"},"schema":{"@context":"https:\/\/schema.org","@graph":[{"@type":"Article","@id":"https:\/\/pebc.ca\/fr\/examens_pratiques\/#article","isPartOf":{"@id":"https:\/\/pebc.ca\/fr\/examens_pratiques\/"},"author":{"name":"Alexandra Simion","@id":"https:\/\/pebc.ca\/fr\/#\/schema\/person\/f4aa9e2d8919e30aae8b1c79801c71d3"},"headline":"Proc\u00e9dures du BEPC assurant la normalisation des \u00e9valuations r\u00e9alis\u00e9es dans le cadre des examens pratiques","datePublished":"2022-05-11T14:34:42+00:00","dateModified":"2023-10-17T20:21:39+00:00","mainEntityOfPage":{"@id":"https:\/\/pebc.ca\/fr\/examens_pratiques\/"},"wordCount":18,"commentCount":0,"publisher":{"@id":"https:\/\/pebc.ca\/fr\/#organization"},"articleSection":["Pharmaciens"],"inLanguage":"fr-FR","potentialAction":[{"@type":"CommentAction","name":"Comment","target":["https:\/\/pebc.ca\/fr\/examens_pratiques\/#respond"]}]},{"@type":"WebPage","@id":"https:\/\/pebc.ca\/fr\/examens_pratiques\/","url":"https:\/\/pebc.ca\/fr\/examens_pratiques\/","name":"Proc\u00e9dures du BEPC assurant la normalisation des \u00e9valuations r\u00e9alis\u00e9es dans le cadre des examens pratiques - PEBC","isPartOf":{"@id":"https:\/\/pebc.ca\/fr\/#website"},"datePublished":"2022-05-11T14:34:42+00:00","dateModified":"2023-10-17T20:21:39+00:00","breadcrumb":{"@id":"https:\/\/pebc.ca\/fr\/examens_pratiques\/#breadcrumb"},"inLanguage":"fr-FR","potentialAction":[{"@type":"ReadAction","target":["https:\/\/pebc.ca\/fr\/examens_pratiques\/"]}]},{"@type":"BreadcrumbList","@id":"https:\/\/pebc.ca\/fr\/examens_pratiques\/#breadcrumb","itemListElement":[{"@type":"ListItem","position":1,"name":"Accueil","item":"https:\/\/pebc.ca\/fr\/"},{"@type":"ListItem","position":2,"name":"Proc\u00e9dures du BEPC assurant la normalisation des \u00e9valuations r\u00e9alis\u00e9es dans le cadre des examens pratiques"}]},{"@type":"WebSite","@id":"https:\/\/pebc.ca\/fr\/#website","url":"https:\/\/pebc.ca\/fr\/","name":"PEBC","description":"","publisher":{"@id":"https:\/\/pebc.ca\/fr\/#organization"},"potentialAction":[{"@type":"SearchAction","target":{"@type":"EntryPoint","urlTemplate":"https:\/\/pebc.ca\/fr\/?s={search_term_string}"},"query-input":{"@type":"PropertyValueSpecification","valueRequired":true,"valueName":"search_term_string"}}],"inLanguage":"fr-FR"},{"@type":"Organization","@id":"https:\/\/pebc.ca\/fr\/#organization","name":"The Pharmacy Examining Board of Canada","url":"https:\/\/pebc.ca\/fr\/","logo":{"@type":"ImageObject","inLanguage":"fr-FR","@id":"https:\/\/pebc.ca\/fr\/#\/schema\/logo\/image\/","url":"https:\/\/pebc.ca\/wp-content\/uploads\/2021\/02\/PEBEC-logo-color-01-01.svg","contentUrl":"https:\/\/pebc.ca\/wp-content\/uploads\/2021\/02\/PEBEC-logo-color-01-01.svg","width":1,"height":1,"caption":"The Pharmacy Examining Board of Canada"},"image":{"@id":"https:\/\/pebc.ca\/fr\/#\/schema\/logo\/image\/"}},{"@type":"Person","@id":"https:\/\/pebc.ca\/fr\/#\/schema\/person\/f4aa9e2d8919e30aae8b1c79801c71d3","name":"Alexandra Simion","image":{"@type":"ImageObject","inLanguage":"fr-FR","@id":"https:\/\/pebc.ca\/fr\/#\/schema\/person\/image\/","url":"https:\/\/secure.gravatar.com\/avatar\/4a6ff4fcc664e2c90cfc5f073055bf9e8b9c26dae1b83f79fb8e0237c083a3a9?s=96&d=mm&r=g","contentUrl":"https:\/\/secure.gravatar.com\/avatar\/4a6ff4fcc664e2c90cfc5f073055bf9e8b9c26dae1b83f79fb8e0237c083a3a9?s=96&d=mm&r=g","caption":"Alexandra Simion"}}]}},"publishpress_future_action":{"enabled":false,"date":"2026-05-06 06:55:55","action":"change-status","newStatus":"draft","terms":[],"taxonomy":"category","extraData":[]},"publishpress_future_workflow_manual_trigger":{"enabledWorkflows":[]},"_links":{"self":[{"href":"https:\/\/pebc.ca\/fr\/wp-json\/wp\/v2\/posts\/2181","targetHints":{"allow":["GET"]}}],"collection":[{"href":"https:\/\/pebc.ca\/fr\/wp-json\/wp\/v2\/posts"}],"about":[{"href":"https:\/\/pebc.ca\/fr\/wp-json\/wp\/v2\/types\/post"}],"author":[{"embeddable":true,"href":"https:\/\/pebc.ca\/fr\/wp-json\/wp\/v2\/users\/3"}],"replies":[{"embeddable":true,"href":"https:\/\/pebc.ca\/fr\/wp-json\/wp\/v2\/comments?post=2181"}],"version-history":[{"count":0,"href":"https:\/\/pebc.ca\/fr\/wp-json\/wp\/v2\/posts\/2181\/revisions"}],"wp:attachment":[{"href":"https:\/\/pebc.ca\/fr\/wp-json\/wp\/v2\/media?parent=2181"}],"wp:term":[{"taxonomy":"category","embeddable":true,"href":"https:\/\/pebc.ca\/fr\/wp-json\/wp\/v2\/categories?post=2181"},{"taxonomy":"post_tag","embeddable":true,"href":"https:\/\/pebc.ca\/fr\/wp-json\/wp\/v2\/tags?post=2181"}],"curies":[{"name":"wp","href":"https:\/\/api.w.org\/{rel}","templated":true}]}}